{"id":572,"date":"2025-01-25T19:08:02","date_gmt":"2025-01-25T19:08:02","guid":{"rendered":"https:\/\/lffcanada.com\/?p=572"},"modified":"2025-01-25T19:08:02","modified_gmt":"2025-01-25T19:08:02","slug":"badih-abou-chacra-and-rita-hayek-honored-at-the-lebanese-film-festival-in-canada","status":"publish","type":"post","link":"https:\/\/lffcanada.com\/fr\/badih-abou-chacra-and-rita-hayek-honored-at-the-lebanese-film-festival-in-canada\/","title":{"rendered":"Badih Abou Chacra et Rita Hayek honor\u00e9s au \u00ab Festival du film libanais au Canada \u00bb"},"content":{"rendered":"<p>Fran\u00e7ais Depuis le campus de l&#039;Universit\u00e9 Concordia, au centre-ville de Montr\u00e9al, les activit\u00e9s du \u00ab Festival du film libanais au Canada \u00bb ont d\u00e9but\u00e9 samedi soir, le 1er juin, sous le patronage du consul g\u00e9n\u00e9ral du Liban, Antoine Eid, et en pr\u00e9sence du directeur et fondateur du festival, Hi Love Hadchiti, de la directrice du d\u00e9veloppement des affaires et des affaires juridiques du festival, Patricia Chamoun, et du cofondateur et directeur de la programmation du festival, Sam Lahoud, en plus de la pr\u00e9sence d&#039;un grand nombre de personnalit\u00e9s artistiques, m\u00e9diatiques et culturelles du Liban, du monde arabe et d&#039;origine canadienne.<\/p>","protected":false},"excerpt":{"rendered":"<p>From the campus of Concordia University, in downtown Montreal, the activities of the \u201cLebanese Film Festival in Canada\u201d kicked off on Saturday evening, June 1, under the patronage of the Consul General of Lebanon, Antoine Eid, and in the presence of the festival\u2019s director and founder, Hi Love Hadchiti, the festival\u2019s director of business development [&hellip;]<\/p>\n","protected":false},"author":2,"featured_media":573,"comment_status":"open","ping_status":"open","sticky":false,"template":"","format":"standard","meta":{"footnotes":""},"categories":[28],"tags":[],"class_list":["post-572","post","type-post","status-publish","format-standard","has-post-thumbnail","hentry","category-blog"],"yoast_head":"<!-- This site is optimized with the Yoast SEO plugin v27.3 - https:\/\/yoast.com\/product\/yoast-seo-wordpress\/ -->\n<title>Badih Abou Chacra and Rita Hayek honored at the &quot;Lebanese Film Festival in Canada&quot; - LFFC<\/title>\n<meta name=\"robots\" content=\"index, follow, max-snippet:-1, max-image-preview:large, max-video-preview:-1\" \/>\n<link rel=\"canonical\" href=\"https:\/\/lffcanada.com\/fr\/badih-abou-chacra-and-rita-hayek-honored-at-the-lebanese-film-festival-in-canada\/\" \/>\n<meta property=\"og:locale\" content=\"fr_CA\" \/>\n<meta property=\"og:type\" content=\"article\" \/>\n<meta property=\"og:title\" content=\"Badih Abou Chacra and Rita Hayek honored at the &quot;Lebanese Film Festival in Canada&quot; - LFFC\" \/>\n<meta property=\"og:description\" content=\"From the campus of Concordia University, in downtown Montreal, the activities of the \u201cLebanese Film Festival in Canada\u201d kicked off on Saturday evening, June 1, under the patronage of the Consul General of Lebanon, Antoine Eid, and in the presence of the festival\u2019s director and founder, Hi Love Hadchiti, the festival\u2019s director of business development [&hellip;]\" \/>\n<meta property=\"og:url\" content=\"https:\/\/lffcanada.com\/fr\/badih-abou-chacra-and-rita-hayek-honored-at-the-lebanese-film-festival-in-canada\/\" \/>\n<meta property=\"og:site_name\" content=\"LFFC\" \/>\n<meta property=\"article:published_time\" content=\"2025-01-25T19:08:02+00:00\" \/>\n<meta property=\"og:image\" content=\"https:\/\/lffcanada.com\/wp-content\/uploads\/2025\/01\/665fd1a33f0450877462921.jpg\" \/>\n\t<meta property=\"og:image:width\" content=\"500\" \/>\n\t<meta property=\"og:image:height\" content=\"484\" \/>\n\t<meta property=\"og:image:type\" content=\"image\/jpeg\" \/>\n<meta name=\"author\" content=\"Tarek Riman\" \/>\n<meta name=\"twitter:card\" content=\"summary_large_image\" \/>\n<meta name=\"twitter:label1\" content=\"Written by\" \/>\n\t<meta name=\"twitter:data1\" content=\"Tarek Riman\" \/>\n<script type=\"application\/ld+json\" class=\"yoast-schema-graph\">{\"@context\":\"https:\\\/\\\/schema.org\",\"@graph\":[{\"@type\":\"Article\",\"@id\":\"https:\\\/\\\/lffcanada.com\\\/badih-abou-chacra-and-rita-hayek-honored-at-the-lebanese-film-festival-in-canada\\\/#article\",\"isPartOf\":{\"@id\":\"https:\\\/\\\/lffcanada.com\\\/badih-abou-chacra-and-rita-hayek-honored-at-the-lebanese-film-festival-in-canada\\\/\"},\"author\":{\"name\":\"Tarek Riman\",\"@id\":\"https:\\\/\\\/lffcanada.com\\\/#\\\/schema\\\/person\\\/4dc35d3ab990d9430d8bb301e952cc1a\"},\"headline\":\"Badih Abou Chacra and Rita Hayek honored at the &#8220;Lebanese Film Festival in Canada&#8221;\",\"datePublished\":\"2025-01-25T19:08:02+00:00\",\"mainEntityOfPage\":{\"@id\":\"https:\\\/\\\/lffcanada.com\\\/badih-abou-chacra-and-rita-hayek-honored-at-the-lebanese-film-festival-in-canada\\\/\"},\"wordCount\":109,\"commentCount\":0,\"publisher\":{\"@id\":\"https:\\\/\\\/lffcanada.com\\\/#organization\"},\"image\":{\"@id\":\"https:\\\/\\\/lffcanada.com\\\/badih-abou-chacra-and-rita-hayek-honored-at-the-lebanese-film-festival-in-canada\\\/#primaryimage\"},\"thumbnailUrl\":\"https:\\\/\\\/lffcanada.com\\\/wp-content\\\/uploads\\\/2025\\\/01\\\/665fd1a33f0450877462921.jpg\",\"articleSection\":[\"Blog\"],\"inLanguage\":\"fr-CA\",\"potentialAction\":[{\"@type\":\"CommentAction\",\"name\":\"Comment\",\"target\":[\"https:\\\/\\\/lffcanada.com\\\/badih-abou-chacra-and-rita-hayek-honored-at-the-lebanese-film-festival-in-canada\\\/#respond\"]}]},{\"@type\":\"WebPage\",\"@id\":\"https:\\\/\\\/lffcanada.com\\\/badih-abou-chacra-and-rita-hayek-honored-at-the-lebanese-film-festival-in-canada\\\/\",\"url\":\"https:\\\/\\\/lffcanada.com\\\/badih-abou-chacra-and-rita-hayek-honored-at-the-lebanese-film-festival-in-canada\\\/\",\"name\":\"Badih Abou Chacra and Rita Hayek honored at the \\\"Lebanese Film Festival in Canada\\\" - LFFC\",\"isPartOf\":{\"@id\":\"https:\\\/\\\/lffcanada.com\\\/#website\"},\"primaryImageOfPage\":{\"@id\":\"https:\\\/\\\/lffcanada.com\\\/badih-abou-chacra-and-rita-hayek-honored-at-the-lebanese-film-festival-in-canada\\\/#primaryimage\"},\"image\":{\"@id\":\"https:\\\/\\\/lffcanada.com\\\/badih-abou-chacra-and-rita-hayek-honored-at-the-lebanese-film-festival-in-canada\\\/#primaryimage\"},\"thumbnailUrl\":\"https:\\\/\\\/lffcanada.com\\\/wp-content\\\/uploads\\\/2025\\\/01\\\/665fd1a33f0450877462921.jpg\",\"datePublished\":\"2025-01-25T19:08:02+00:00\",\"breadcrumb\":{\"@id\":\"https:\\\/\\\/lffcanada.com\\\/badih-abou-chacra-and-rita-hayek-honored-at-the-lebanese-film-festival-in-canada\\\/#breadcrumb\"},\"inLanguage\":\"fr-CA\",\"potentialAction\":[{\"@type\":\"ReadAction\",\"target\":[\"https:\\\/\\\/lffcanada.com\\\/badih-abou-chacra-and-rita-hayek-honored-at-the-lebanese-film-festival-in-canada\\\/\"]}]},{\"@type\":\"ImageObject\",\"inLanguage\":\"fr-CA\",\"@id\":\"https:\\\/\\\/lffcanada.com\\\/badih-abou-chacra-and-rita-hayek-honored-at-the-lebanese-film-festival-in-canada\\\/#primaryimage\",\"url\":\"https:\\\/\\\/lffcanada.com\\\/wp-content\\\/uploads\\\/2025\\\/01\\\/665fd1a33f0450877462921.jpg\",\"contentUrl\":\"https:\\\/\\\/lffcanada.com\\\/wp-content\\\/uploads\\\/2025\\\/01\\\/665fd1a33f0450877462921.jpg\",\"width\":500,\"height\":484},{\"@type\":\"BreadcrumbList\",\"@id\":\"https:\\\/\\\/lffcanada.com\\\/badih-abou-chacra-and-rita-hayek-honored-at-the-lebanese-film-festival-in-canada\\\/#breadcrumb\",\"itemListElement\":[{\"@type\":\"ListItem\",\"position\":1,\"name\":\"Home\",\"item\":\"https:\\\/\\\/lffcanada.com\\\/welcome\\\/\"},{\"@type\":\"ListItem\",\"position\":2,\"name\":\"Badih Abou Chacra and Rita Hayek honored at the &#8220;Lebanese Film Festival in Canada&#8221;\"}]},{\"@type\":\"WebSite\",\"@id\":\"https:\\\/\\\/lffcanada.com\\\/#website\",\"url\":\"https:\\\/\\\/lffcanada.com\\\/\",\"name\":\"LFFC\",\"description\":\"Lebanese Film Festival Canada\",\"publisher\":{\"@id\":\"https:\\\/\\\/lffcanada.com\\\/#organization\"},\"potentialAction\":[{\"@type\":\"SearchAction\",\"target\":{\"@type\":\"EntryPoint\",\"urlTemplate\":\"https:\\\/\\\/lffcanada.com\\\/?s={search_term_string}\"},\"query-input\":{\"@type\":\"PropertyValueSpecification\",\"valueRequired\":true,\"valueName\":\"search_term_string\"}}],\"inLanguage\":\"fr-CA\"},{\"@type\":\"Organization\",\"@id\":\"https:\\\/\\\/lffcanada.com\\\/#organization\",\"name\":\"LFFC\",\"url\":\"https:\\\/\\\/lffcanada.com\\\/\",\"logo\":{\"@type\":\"ImageObject\",\"inLanguage\":\"fr-CA\",\"@id\":\"https:\\\/\\\/lffcanada.com\\\/#\\\/schema\\\/logo\\\/image\\\/\",\"url\":\"https:\\\/\\\/lffcanada.com\\\/wp-content\\\/uploads\\\/2025\\\/04\\\/LFFC25-WebsiteCover-1024x768_ENG.png\",\"contentUrl\":\"https:\\\/\\\/lffcanada.com\\\/wp-content\\\/uploads\\\/2025\\\/04\\\/LFFC25-WebsiteCover-1024x768_ENG.png\",\"width\":2134,\"height\":1600,\"caption\":\"LFFC\"},\"image\":{\"@id\":\"https:\\\/\\\/lffcanada.com\\\/#\\\/schema\\\/logo\\\/image\\\/\"}},{\"@type\":\"Person\",\"@id\":\"https:\\\/\\\/lffcanada.com\\\/#\\\/schema\\\/person\\\/4dc35d3ab990d9430d8bb301e952cc1a\",\"name\":\"Tarek Riman\",\"image\":{\"@type\":\"ImageObject\",\"inLanguage\":\"fr-CA\",\"@id\":\"https:\\\/\\\/secure.gravatar.com\\\/avatar\\\/1bd2f53179c57409180a7847964a86eabe7bd84a443edf64af7c0ba0193481fd?s=96&d=mm&r=g\",\"url\":\"https:\\\/\\\/secure.gravatar.com\\\/avatar\\\/1bd2f53179c57409180a7847964a86eabe7bd84a443edf64af7c0ba0193481fd?s=96&d=mm&r=g\",\"contentUrl\":\"https:\\\/\\\/secure.gravatar.com\\\/avatar\\\/1bd2f53179c57409180a7847964a86eabe7bd84a443edf64af7c0ba0193481fd?s=96&d=mm&r=g\",\"caption\":\"Tarek Riman\"},\"url\":\"https:\\\/\\\/lffcanada.com\\\/fr\\\/author\\\/trimancaptaim-com\\\/\"}]}<\/script>\n<!-- \/ Yoast SEO plugin. -->","yoast_head_json":{"title":"Badih Abou Chacra and Rita Hayek honored at the \"Lebanese Film Festival in Canada\" - LFFC","robots":{"index":"index","follow":"follow","max-snippet":"max-snippet:-1","max-image-preview":"max-image-preview:large","max-video-preview":"max-video-preview:-1"},"canonical":"https:\/\/lffcanada.com\/fr\/badih-abou-chacra-and-rita-hayek-honored-at-the-lebanese-film-festival-in-canada\/","og_locale":"fr_CA","og_type":"article","og_title":"Badih Abou Chacra and Rita Hayek honored at the \"Lebanese Film Festival in Canada\" - LFFC","og_description":"From the campus of Concordia University, in downtown Montreal, the activities of the \u201cLebanese Film Festival in Canada\u201d kicked off on Saturday evening, June 1, under the patronage of the Consul General of Lebanon, Antoine Eid, and in the presence of the festival\u2019s director and founder, Hi Love Hadchiti, the festival\u2019s director of business development [&hellip;]","og_url":"https:\/\/lffcanada.com\/fr\/badih-abou-chacra-and-rita-hayek-honored-at-the-lebanese-film-festival-in-canada\/","og_site_name":"LFFC","article_published_time":"2025-01-25T19:08:02+00:00","og_image":[{"width":500,"height":484,"url":"https:\/\/lffcanada.com\/wp-content\/uploads\/2025\/01\/665fd1a33f0450877462921.jpg","type":"image\/jpeg"}],"author":"Tarek Riman","twitter_card":"summary_large_image","twitter_misc":{"Written by":"Tarek Riman"},"schema":{"@context":"https:\/\/schema.org","@graph":[{"@type":"Article","@id":"https:\/\/lffcanada.com\/badih-abou-chacra-and-rita-hayek-honored-at-the-lebanese-film-festival-in-canada\/#article","isPartOf":{"@id":"https:\/\/lffcanada.com\/badih-abou-chacra-and-rita-hayek-honored-at-the-lebanese-film-festival-in-canada\/"},"author":{"name":"Tarek Riman","@id":"https:\/\/lffcanada.com\/#\/schema\/person\/4dc35d3ab990d9430d8bb301e952cc1a"},"headline":"Badih Abou Chacra and Rita Hayek honored at the &#8220;Lebanese Film Festival in Canada&#8221;","datePublished":"2025-01-25T19:08:02+00:00","mainEntityOfPage":{"@id":"https:\/\/lffcanada.com\/badih-abou-chacra-and-rita-hayek-honored-at-the-lebanese-film-festival-in-canada\/"},"wordCount":109,"commentCount":0,"publisher":{"@id":"https:\/\/lffcanada.com\/#organization"},"image":{"@id":"https:\/\/lffcanada.com\/badih-abou-chacra-and-rita-hayek-honored-at-the-lebanese-film-festival-in-canada\/#primaryimage"},"thumbnailUrl":"https:\/\/lffcanada.com\/wp-content\/uploads\/2025\/01\/665fd1a33f0450877462921.jpg","articleSection":["Blog"],"inLanguage":"fr-CA","potentialAction":[{"@type":"CommentAction","name":"Comment","target":["https:\/\/lffcanada.com\/badih-abou-chacra-and-rita-hayek-honored-at-the-lebanese-film-festival-in-canada\/#respond"]}]},{"@type":"WebPage","@id":"https:\/\/lffcanada.com\/badih-abou-chacra-and-rita-hayek-honored-at-the-lebanese-film-festival-in-canada\/","url":"https:\/\/lffcanada.com\/badih-abou-chacra-and-rita-hayek-honored-at-the-lebanese-film-festival-in-canada\/","name":"Badih Abou Chacra and Rita Hayek honored at the \"Lebanese Film Festival in Canada\" - LFFC","isPartOf":{"@id":"https:\/\/lffcanada.com\/#website"},"primaryImageOfPage":{"@id":"https:\/\/lffcanada.com\/badih-abou-chacra-and-rita-hayek-honored-at-the-lebanese-film-festival-in-canada\/#primaryimage"},"image":{"@id":"https:\/\/lffcanada.com\/badih-abou-chacra-and-rita-hayek-honored-at-the-lebanese-film-festival-in-canada\/#primaryimage"},"thumbnailUrl":"https:\/\/lffcanada.com\/wp-content\/uploads\/2025\/01\/665fd1a33f0450877462921.jpg","datePublished":"2025-01-25T19:08:02+00:00","breadcrumb":{"@id":"https:\/\/lffcanada.com\/badih-abou-chacra-and-rita-hayek-honored-at-the-lebanese-film-festival-in-canada\/#breadcrumb"},"inLanguage":"fr-CA","potentialAction":[{"@type":"ReadAction","target":["https:\/\/lffcanada.com\/badih-abou-chacra-and-rita-hayek-honored-at-the-lebanese-film-festival-in-canada\/"]}]},{"@type":"ImageObject","inLanguage":"fr-CA","@id":"https:\/\/lffcanada.com\/badih-abou-chacra-and-rita-hayek-honored-at-the-lebanese-film-festival-in-canada\/#primaryimage","url":"https:\/\/lffcanada.com\/wp-content\/uploads\/2025\/01\/665fd1a33f0450877462921.jpg","contentUrl":"https:\/\/lffcanada.com\/wp-content\/uploads\/2025\/01\/665fd1a33f0450877462921.jpg","width":500,"height":484},{"@type":"BreadcrumbList","@id":"https:\/\/lffcanada.com\/badih-abou-chacra-and-rita-hayek-honored-at-the-lebanese-film-festival-in-canada\/#breadcrumb","itemListElement":[{"@type":"ListItem","position":1,"name":"Home","item":"https:\/\/lffcanada.com\/welcome\/"},{"@type":"ListItem","position":2,"name":"Badih Abou Chacra and Rita Hayek honored at the &#8220;Lebanese Film Festival in Canada&#8221;"}]},{"@type":"WebSite","@id":"https:\/\/lffcanada.com\/#website","url":"https:\/\/lffcanada.com\/","name":"LFFC","description":"Festival du film libanais du Canada","publisher":{"@id":"https:\/\/lffcanada.com\/#organization"},"potentialAction":[{"@type":"SearchAction","target":{"@type":"EntryPoint","urlTemplate":"https:\/\/lffcanada.com\/?s={search_term_string}"},"query-input":{"@type":"PropertyValueSpecification","valueRequired":true,"valueName":"search_term_string"}}],"inLanguage":"fr-CA"},{"@type":"Organization","@id":"https:\/\/lffcanada.com\/#organization","name":"LFFC","url":"https:\/\/lffcanada.com\/","logo":{"@type":"ImageObject","inLanguage":"fr-CA","@id":"https:\/\/lffcanada.com\/#\/schema\/logo\/image\/","url":"https:\/\/lffcanada.com\/wp-content\/uploads\/2025\/04\/LFFC25-WebsiteCover-1024x768_ENG.png","contentUrl":"https:\/\/lffcanada.com\/wp-content\/uploads\/2025\/04\/LFFC25-WebsiteCover-1024x768_ENG.png","width":2134,"height":1600,"caption":"LFFC"},"image":{"@id":"https:\/\/lffcanada.com\/#\/schema\/logo\/image\/"}},{"@type":"Person","@id":"https:\/\/lffcanada.com\/#\/schema\/person\/4dc35d3ab990d9430d8bb301e952cc1a","name":"Tarek Riman","image":{"@type":"ImageObject","inLanguage":"fr-CA","@id":"https:\/\/secure.gravatar.com\/avatar\/1bd2f53179c57409180a7847964a86eabe7bd84a443edf64af7c0ba0193481fd?s=96&d=mm&r=g","url":"https:\/\/secure.gravatar.com\/avatar\/1bd2f53179c57409180a7847964a86eabe7bd84a443edf64af7c0ba0193481fd?s=96&d=mm&r=g","contentUrl":"https:\/\/secure.gravatar.com\/avatar\/1bd2f53179c57409180a7847964a86eabe7bd84a443edf64af7c0ba0193481fd?s=96&d=mm&r=g","caption":"Tarek Riman"},"url":"https:\/\/lffcanada.com\/fr\/author\/trimancaptaim-com\/"}]}},"_links":{"self":[{"href":"https:\/\/lffcanada.com\/fr\/wp-json\/wp\/v2\/posts\/572","targetHints":{"allow":["GET"]}}],"collection":[{"href":"https:\/\/lffcanada.com\/fr\/wp-json\/wp\/v2\/posts"}],"about":[{"href":"https:\/\/lffcanada.com\/fr\/wp-json\/wp\/v2\/types\/post"}],"author":[{"embeddable":true,"href":"https:\/\/lffcanada.com\/fr\/wp-json\/wp\/v2\/users\/2"}],"replies":[{"embeddable":true,"href":"https:\/\/lffcanada.com\/fr\/wp-json\/wp\/v2\/comments?post=572"}],"version-history":[{"count":0,"href":"https:\/\/lffcanada.com\/fr\/wp-json\/wp\/v2\/posts\/572\/revisions"}],"wp:featuredmedia":[{"embeddable":true,"href":"https:\/\/lffcanada.com\/fr\/wp-json\/wp\/v2\/media\/573"}],"wp:attachment":[{"href":"https:\/\/lffcanada.com\/fr\/wp-json\/wp\/v2\/media?parent=572"}],"wp:term":[{"taxonomy":"category","embeddable":true,"href":"https:\/\/lffcanada.com\/fr\/wp-json\/wp\/v2\/categories?post=572"},{"taxonomy":"post_tag","embeddable":true,"href":"https:\/\/lffcanada.com\/fr\/wp-json\/wp\/v2\/tags?post=572"}],"curies":[{"name":"wp","href":"https:\/\/api.w.org\/{rel}","templated":true}]}}